[{"@context":"https:\/\/schema.org\/","@type":"Article","@id":"https:\/\/www.trekview.cz\/frote-obleceni-pro-nejmensi\/#Article","mainEntityOfPage":"https:\/\/www.trekview.cz\/frote-obleceni-pro-nejmensi\/","headline":"Frot\u00e9 oble\u010den\u00ed pro nejmen\u0161\u00ed.","name":"Frot\u00e9 oble\u010den\u00ed pro nejmen\u0161\u00ed.","description":"\u010cek\u00e1te miminko? Opravdu? To je p\u0159eci kr\u00e1sn\u00e9! Je to skv\u011bl\u00fd pocit nosit nov\u00fd \u017eivot pod sv\u00fdm srdcem. Spousta \u017een se tohoto skvostn\u00e9ho daru nikdy nedo\u010dk\u00e1. Va\u017ete si toho a p\u0159ipravte [&hellip;]","datePublished":"2022-05-27","dateModified":"2023-05-22","author":{"@type":"Person","@id":"https:\/\/www.trekview.cz\/author\/#Person","name":"","url":"https:\/\/www.trekview.cz\/author\/","identifier":1,"image":{"@type":"ImageObject","@id":"https:\/\/secure.gravatar.com\/avatar\/1e120f96477763896a9e7ab3663c076bf8b67ca32fa1a5943b70761da502a7a7?s=96&d=mm&r=g","url":"https:\/\/secure.gravatar.com\/avatar\/1e120f96477763896a9e7ab3663c076bf8b67ca32fa1a5943b70761da502a7a7?s=96&d=mm&r=g","height":96,"width":96}},"publisher":{"@type":"Organization","name":"trekview.cz","logo":{"@type":"ImageObject","@id":"\/logo.png","url":"\/logo.png","width":600,"height":60}},"image":{"@type":"ImageObject","@id":"https:\/\/www.trekview.cz\/wp-content\/uploads\/baby-ge96862ed1_640.jpg","url":"https:\/\/www.trekview.cz\/wp-content\/uploads\/baby-ge96862ed1_640.jpg","height":0,"width":0},"url":"https:\/\/www.trekview.cz\/frote-obleceni-pro-nejmensi\/","about":["V\u00fdrobky"],"wordCount":477,"articleBody":"   \u010cek\u00e1te miminko? Opravdu? To je p\u0159eci kr\u00e1sn\u00e9! Je to skv\u011bl\u00fd pocit nosit nov\u00fd \u017eivot pod sv\u00fdm srdcem. Spousta \u017een se tohoto skvostn\u00e9ho daru nikdy nedo\u010dk\u00e1. Va\u017ete si toho a p\u0159ipravte se d\u016fkladn\u011b na svoje kr\u00e1sn\u00e9 miminko, a\u0165 u\u017e to bude chlape\u010dek nebo hol\u010di\u010dka. P\u0159ipravte i tomu sv\u00e9mu drobe\u010dkovi n\u00e1dhern\u00fd vstup do tohoto sv\u011bta, p\u0159iv\u00edtejte ho t\u00edm nejlep\u0161\u00edm, pochopiteln\u011b krom va\u0161\u00ed v\u0159el\u00e9 n\u00e1ru\u010de i tou nejlep\u0161\u00ed v\u00fdbavi\u010dkou do prvn\u00edch dn\u00ed. Ka\u017ed\u00e9 takov\u00e9 miminko je doslova dar a zaslou\u017e\u00ed si jen to nejlep\u0161\u00ed. Pro za\u010d\u00e1tek mu bude sta\u010dit pohodln\u00e1 post\u00fdlka s kvalitn\u00ed madrac\u00ed, p\u0159ikr\u00fdvka a povl\u00e1\u010dek v nealergick\u00e9m proveden\u00ed, bal\u00edk pl\u00ednek, vani\u010dka, ko\u010d\u00e1rek, maminkovsk\u00e9 oble\u010den\u00ed\u2026 inu je toho vlastn\u011b dost, co?Ale nebojte se, na p\u0159\u00edpravu m\u00e1te dost \u010dasu, od zji\u0161t\u011bn\u00ed t\u00e9 va\u0161\u00ed radostn\u00e9 ud\u00e1losti jist\u011b je\u0161t\u011b n\u011bkolik m\u011bs\u00edc\u016f. A a\u017e budete m\u00edt zaji\u0161t\u011bn\u00fd ko\u010d\u00e1rek, post\u00fdlku, vani\u010dku, tak se m\u016f\u017eete vrhnout na to ostatn\u00ed. A tady m\u00e1me pro v\u00e1s velice d\u016fle\u017eitou a pot\u011b\u0161uj\u00edc\u00ed zpr\u00e1vu. Vlastn\u011b v\u0161echno ostatn\u00ed, a\u0165 u\u017e pl\u00ednky, povle\u010den\u00ed, oble\u010den\u00ed, brynd\u00e1\u010dky, prost\u011b v\u0161echno toto si zajist\u00edte u\u017e \u00fapln\u011b snadno a je\u0161t\u011b nav\u00edc p\u0159\u00edmo z domova. Nev\u011b\u0159\u00edte? Opravdu. U\u017e \u017e\u00e1dn\u00e9 ob\u00edh\u00e1n\u00ed obchod\u016f a sh\u00e1n\u011bn\u00ed kousek po kousku. Prost\u011b sta\u010d\u00ed si vyhradit p\u00e1r chvilek, klidn\u011b p\u0159izvat k v\u00fdb\u011bru n\u011bjakou sp\u0159\u00edzn\u011bnou du\u0161i, nejl\u00e9pe n\u011bjakou kamar\u00e1dku, maminku, n\u011bkoho, kdo u\u017e m\u00e1 zku\u0161enosti s pot\u0159ebami miminek, aby v\u00e1m trochu poradil, napov\u011bd\u011bl a p\u0159\u00edpadn\u011b v\u00e1s usm\u011brnil v objedn\u00e1vce.Miminko toti\u017e rychle roste a v\u0161e co mu koup\u00edte, bude slou\u017eit jen velmi kr\u00e1tkou dobu, tak\u017ee je opravdu t\u0159eba uv\u00e1\u017eit, jestli bude tolik oble\u010den\u00ed opravdu pot\u0159ebovat. Nav\u00edc je jasn\u00e9, \u017ee kdy\u017e se miminko m\u00e1 narodit v l\u00e9t\u011b, nebudeme nakupovat t\u0159eba soupravi\u010dky vybaven\u00e9 rukavi\u010dkami, naopak miminku rozen\u00e9m v zim\u011b neopat\u0159\u00edme novorozeneck\u00e9 kra\u0165\u00e1sky. Jedn\u00edm z materi\u00e1l\u016f, kter\u00fd je p\u0159\u00edmo, jako stvo\u0159en\u00fd pro jemnou poko\u017eku miminka je frot\u00e9. Je to materi\u00e1l, kter\u00fd se hod\u00ed jak do chladn\u011bj\u0161\u00edch zimn\u00edch m\u011bs\u00edc\u016f, ale pochopiteln\u011b je vyu\u017eiteln\u00fd i do letn\u00edch dn\u00ed. Tedy l\u00e9pe \u0159e\u010deno letn\u00edch noc\u00ed. Ide\u00e1ln\u00ed pro over\u00e1lky, ve kter\u00fdch ka\u017ed\u00e9 miminko tak r\u00e1do spink\u00e1. Kojeneck\u00e9 frot\u00e9 Kojeneckeobleceni.cz je prost\u011b ide\u00e1ln\u00ed volby pro ka\u017ed\u00e9 ro\u010dn\u00ed obdob\u00ed.                                                                                                                                                                                                                                                                                                                                                                                          4.5\/5 - (11 votes)        "},{"@context":"https:\/\/schema.org\/","@type":"BreadcrumbList","itemListElement":[{"@type":"ListItem","position":1,"name":"Frot\u00e9 oble\u010den\u00ed pro nejmen\u0161\u00ed.","item":"https:\/\/www.trekview.cz\/frote-obleceni-pro-nejmensi\/#breadcrumbitem"}]}]